{"id":322,"date":"2023-09-21T12:37:10","date_gmt":"2023-09-21T10:37:10","guid":{"rendered":"http:\/\/skrav.fr\/angenea-wp\/?page_id=322"},"modified":"2023-11-12T11:58:56","modified_gmt":"2023-11-12T10:58:56","slug":"revolte-du-papier-timbre","status":"publish","type":"post","link":"http:\/\/skrav.fr\/angenea-wp\/2023\/09\/21\/revolte-du-papier-timbre\/","title":{"rendered":"R\u00e9volte du papier timbr\u00e9"},"content":{"rendered":"\n<h2 class=\"wp-block-heading has-text-align-center\">La r\u00e9volte des bonnets rouges ou du papier timbr\u00e9<\/h2>\n\n\n\n<p class=\"has-text-align-left\"><strong>la Bretagne<\/strong><strong> est une province privil\u00e9gi\u00e9e, o\u00f9 l\u2019imp\u00f4t sur le sel, la gabelle, n&rsquo;existe pas mais sous le r\u00e8gne de louis XIV, les ann\u00e9es 1674 et &nbsp;1675 connaissent &nbsp;une importante r\u00e9volte antifiscale qui toucha toutes les villes et campagnes ( elle est dite aussi r\u00e9volte des bonnets rouges en raison de la couleur des couvre-chefs de certains paysans<\/strong><strong> ou du papier timbr\u00e9).<\/strong><\/p>\n\n\n\n<p class=\"has-text-align-left\"><strong>La r\u00e9volte du papier timbr\u00e9 fut l\u2019une des plus sanglante de l\u2019histoire de la Bretagne, Colbert en 1673 veut lever de nouveaux imp\u00f4ts la gabelle\u00a0; \u00a0le papier qui permet de taxer tous les documents officiels pas d\u2019exception pour les actes d\u2019\u00e9tat civil, mariages, \u00a0testaments, \u00a0acte notari\u00e9s, \u00a0etc\u2026 et tout cela pour soutenir les efforts de guerre et les grands travaux. La Bretagne conna\u00eet une r\u00e9cession \u00e9conomique intense. Face \u00e0 la baisse des prix, les seigneurs exigent encore et encore de leurs fermiers leurs droits en natures et p\u00e9cuniaires. A la m\u00eame<\/strong> <strong>p\u00e9riode, une nouvelle taxe sur tous les objets en \u00e9tain qui m\u00e9contente les paysans ais\u00e9s et les cabaretiers (personne qui servait du vin au d\u00e9tail et donnait \u00e0 manger contre de l&rsquo;argent)\u00a0; \u00a0bien entendu il r\u00e9percute aussit\u00f4t \u00a0les taxes avec une forte hausse sur les prix des consommations. En Septembre 1674, la vente du tabac est r\u00e9serv\u00e9e exclusivement au roi qui pr\u00e9l\u00e8ve une taxe et en afferme la vente. Les personnes autoris\u00e9es \u00e0 revendre le tabac (fermiers et commis) rach\u00e8tent les stocks aux commer\u00e7ants qui en vendaient auparavant. La r\u00e9organisation des circuits de vente entra\u00eene une interruption temporaire de la distribution de tabac ( \u00e0 fumer et \u00e0 chiquer ), d\u2019o\u00f9 une autre source de m\u00e9contentement, ce qui procure la haine des Bretons \u00a0et qui \u00a0les poussent vers une r\u00e9volte sanglante.<\/strong><\/p>\n\n\n\n<p class=\"has-text-align-left\"><strong>En Bretagne les \u00e9meutes urbaines \u00e9clatent\u00a0: les bureaux de papier timbr\u00e9 ou de marquage de vaisselle en \u00e9tain\u00b2 sont pill\u00e9s et mis \u00e0 sac\u00a0; \u00a0un premier soul\u00e8vement a lieu \u00e0 Rennes le 3 avril quand les habitants apprennent qu\u2019une r\u00e9volte \u00e9clate au sujet de la vente du tabac et du marquage de l\u2019\u00e9tain\u00a0; ce jour l\u00e0 seul quelques bris de verre aux fen\u00eatres et jets de pierres\u00a0; \u00a0mais le 18 avril \u00e0 Rennes \u00e9clate une nouvelle \u00e9meute\u00a0; \u00a0ils s\u2019en prennent \u00e0 plusieurs immeubles ou ils p\u00e9n\u00e8trent et pillent, \u00a0le vin, \u00a0cidre, \u00a0et tout le tabac et br\u00fblent les cahiers des registres du greffe. Ensuite direction le parlement o\u00f9 ils d\u00e9truisent les presses et pillent tout le papier et parchemin timbr\u00e9\u00a0; \u00a0cette s\u00e9rie d\u2019\u00e9meutes et de pillages a fait une dizaine de morts et une cinquantaine de bless\u00e9s\u00a0;<\/strong> <strong>du 8 au 12 juin de nombreux mouvements \u00e9branlent encore la ville. Dans ses rapports au roi, le gouverneur de la Bretagne le duc de Chaulnes, met fortement en cause le parlement qu\u2019il accuse de pousser le peuple aux r\u00e9voltes contre les \u00e9dits royaux et estime \u00e0 environ 15\u00a0000 hommes qui ont pris les armes et particip\u00e9s activement aux \u00e9meutes.<\/strong><\/p>\n\n\n\n<p class=\"has-text-align-left\"><strong>Mi \u2013juillet, une seconde fois, &nbsp;le parlement est pill\u00e9 de ses papiers timbr\u00e9s.<\/strong><\/p>\n\n\n\n<p><strong>St Malo fut assez calme \u00ab&nbsp;les terre-neuvas \u00bb MALOUINS \u00e9taient partis, ou sur le d\u00e9part des bans de morues \u00e0 Terre-Neuve.<\/strong><\/p>\n\n\n\n<p><strong>Dans le Finist\u00e8re, &nbsp;le tocsin sonne dans plusieurs communes aux environs de Briec et les \u00e9meutiers s\u2019en prennent aux nobles, &nbsp;les blessent, &nbsp;pillent et br\u00fblent leurs maisons.<\/strong><\/p>\n\n\n\n<p><strong>En basse Bretagne la r\u00e9volte gronde \u00e9galement et ils &nbsp;s\u2019en prennent aux agents, aux pr\u00eatres supp\u00f4ts de la gabelle. Dans le pays du Poher, &nbsp;les villes non fortifi\u00e9es sont attaqu\u00e9es et pill\u00e9es&nbsp;; cette s\u00e9rie de pillages est command\u00e9e dans cette r\u00e9gion par un notaire d\u00e9nomm\u00e9 S\u00e9bastien le Balp&nbsp;; avec plus de 600 bonnets rouges, &nbsp;le ch\u00e2teau de Tymeur est pill\u00e9 de toutes ses archives et papiers qu\u2019ils br\u00fblent&nbsp;; &nbsp;le 3 septembre,&nbsp; l\u2019investigateur S\u00e9bastien est tu\u00e9 par le marquis de Montgaillard . &nbsp;&nbsp;Ils sont &nbsp;faits prisonniers ce qui met fin \u00e0 la r\u00e9bellion dans cette r\u00e9gion.<\/strong><\/p>\n\n\n\n<p><strong>Louis XIV met \u00e0 la disposition du duc de Chaulnes, en ao\u00fbt, &nbsp;6&nbsp;000 hommes de troupe et s\u2019en suit les ex\u00e9cutions. Les communaut\u00e9s villageoises sont somm\u00e9es de livrer les meneurs sous peine de repr\u00e9sailles collectives&nbsp;; &nbsp;les cloches ayant sonn\u00e9 le tocsin sont d\u00e9pos\u00e9es et plusieurs \u00e9glises sont d\u00e9capit\u00e9es avec interdiction de les remonter. Les principaux responsables sont envoy\u00e9s devant une commission extraordinaire du parlement&nbsp;; les pr\u00e9sidiaux pouvant juger exceptionnellement en dernier ressort&nbsp;; ce qui aboutit \u00e0 de rapides condamnations \u00e0 mort. D\u00e8s octobre 1676, des condamnations aux gal\u00e8res et \u00e0 la peine de mort sont prononc\u00e9es envers les responsables.<\/strong><\/p>\n\n\n\n<p><strong>&nbsp; &nbsp;Le 12 octobre, le duc de Chaulnes entre \u00e0 Rennes, avec 6 000 hommes, log\u00e9s chez l\u2019habitant.<\/strong><\/p>\n\n\n\n<p><strong>La Bretagne<\/strong><strong> doit subvenir enti\u00e8rement aux besoins des troupes de r\u00e9pression, puis d\u2019une arm\u00e9e de 20 000 hommes (ce dernier point en repr\u00e9sailles aux dol\u00e9ances des \u00c9tats de novembre 1675).<\/strong><\/p>\n\n\n\n<h4 class=\"wp-block-heading\">Un privil\u00e8ge viol\u00e9<\/h4>\n\n\n\n<p><strong>Le 3 mai, \u00e0 Nantes, le marquis de Molac, gouverneur de la ville, d\u00e9crit dans une lettre \u00ab l&rsquo;\u00e9motion populaire \u00bb comme l&rsquo;une \u00ab des plus grandes et des plus consid\u00e9rables qui se soient jamais faites dans la ville \u00bb. Le roi r\u00e9agit et y envoie des troupes arm\u00e9es, violant l&rsquo;un des privil\u00e8ges de la ville qui l&rsquo;exemptait du logement des gens de guerre. Une nouvelle flamb\u00e9e de col\u00e8re \u00e9clate, marqu\u00e9e par le si\u00e8ge du manoir \u00e9piscopal o\u00f9 se trouvait alors le duc de Chaulnes, gouverneur de Bretagne. Lorsque les troupes se retirent, l&rsquo;atmosph\u00e8re s&rsquo;apaise un peu.<\/strong><\/p>\n\n\n\n<h4 class=\"wp-block-heading\">Le parlement en exil<\/h4>\n\n\n\n<p><strong>Outre la r\u00e9duction au silence des \u00c9tats et du Parlement, la reprise en main permet l&rsquo;\u00e9tablissement d&rsquo;une intendance de Bretagne. La Bretagne \u00e9tait jusqu&rsquo;\u00e0 pr\u00e9sent la derni\u00e8re province \u00e0 ne pas conna\u00eetre cette institution repr\u00e9sentante du pouvoir central. Le parlement de Bretagne est exil\u00e9 \u00e0 Vannes pendant une vingtaine d&rsquo;ann\u00e9es, Louis XIV suspectant les parlementaires de ne pas avoir fait &nbsp;&nbsp;assez pour emp\u00eacher le d\u00e9veloppement de la r\u00e9volte.<\/strong><\/p>\n\n\n\n<p><strong><em><u>Le code paysan<\/u><\/em><\/strong><\/p>\n\n\n\n<ol class=\"wp-block-list\" type=\"1\">\n<li><strong><em>1.&nbsp;&nbsp;&nbsp; <\/em><\/strong><strong><em>Que lesdites 14 paroisses, unies ensemble pour la libert\u00e9 de la province, d\u00e9puteront 6 des plus notables de leurs paroisses aux Etats prochains pour d\u00e9duire les raisons de leur soul\u00e8vement, lesquels seront d\u00e9fray\u00e9s aux d\u00e9pends de leurs communaut\u00e9s qui leur fourniront \u00e0 chacun un bonnet et une camisole rouges, un haut-de-chausses bleu avec la veste et le reste de l&rsquo;\u00e9quipage convenable \u00e0 leur qualit\u00e9.<\/em><\/strong><\/li>\n\n\n\n<li><strong><em>2.&nbsp;&nbsp;&nbsp; <\/em><\/strong><strong><em>Qu&rsquo;ils mettront les armes bas et cesseront tout acte d&rsquo;autorit\u00e9 jusqu&rsquo;aux dits temps par une gr\u00e2ce sp\u00e9ciale qu&rsquo;ils font aux gentilshommes, qu&rsquo;ils feront sommer de retourner dans leurs maisons de campagne au plus t\u00f4t, faute de quoi ils seront d\u00e9ch\u00fbts de ladite gr\u00e2ce.<\/em><\/strong><\/li>\n\n\n\n<li><strong><em>3.&nbsp;&nbsp;&nbsp; <\/em><\/strong><strong><em>Que d\u00e9fense soit faite de sonner le tocsin et de faire assembl\u00e9e d&rsquo;hommes arm\u00e9s sans le consentement universel de ladite union, \u00e0 peine aux d\u00e9linquants d&rsquo;\u00eatre pendus aux clochers.<\/em><\/strong><\/li>\n\n\n\n<li><strong><em>4.&nbsp;&nbsp;&nbsp; <\/em><\/strong><strong><em>Que les droits de champart et corv\u00e9e pr\u00e9tendus par lesdits gentilshommes seront abolis comme violation de la libert\u00e9 armorique.<\/em><\/strong><\/li>\n\n\n\n<li><strong><em>5.&nbsp;&nbsp;&nbsp; <\/em><\/strong><strong><em>Que pour confirmer la paix et la concorde entre gentilshommes et nobles habitants desdites paroisses, il se fera des mariages entre eux, \u00e0 condition que les filles nobles choisiront leur maris de condition commune, qu&rsquo;elles anobliront et leur post\u00e9rit\u00e9, qui partagera \u00e9galement les biens de leurs successions.<\/em><\/strong><\/li>\n\n\n\n<li><strong><em>6.&nbsp;&nbsp;&nbsp; <\/em><\/strong><strong><em>Il est d\u00e9fendu, \u00e0 peine d&rsquo;\u00eatre pass\u00e9 par la fourche, de donner retraite \u00e0 la Gabelle et \u00e0 ses enfants, et de leur fournir ni \u00e0 manger ni aucune commodit\u00e9, mais au contraire, il est enjoint de tirer sur elle comme sur chien enrag\u00e9.<\/em><\/strong><\/li>\n\n\n\n<li><strong><em>7.&nbsp;&nbsp;&nbsp; <\/em><\/strong><strong><em>Qu&rsquo;il ne se l\u00e8vera pour tout droit, que 100 sols par barrique de vins horet et un \u00e9cu pour celui du cru de la province, \u00e0 condition que les h\u00f4tes et cabaretiers ne pourront vendre l&rsquo;un que 5 sols et l&rsquo;autre 3 sols la pinte.<\/em><\/strong><\/li>\n\n\n\n<li><strong><em>8.&nbsp;&nbsp;&nbsp; <\/em><\/strong><strong><em>Que l&rsquo;argent des fouages anciens sera employ\u00e9 pour acheter du tabac qui sera distribu\u00e9 avec le pain b\u00e9ni, aux messes paroissiales, pour la satisfaction des paroissiens.<\/em><\/strong><\/li>\n\n\n\n<li><strong><em>9.&nbsp;&nbsp;&nbsp; <\/em><\/strong><strong><em>Que les recteurs, cur\u00e9s et pr\u00eatres seront gag\u00e9s pour le service de leurs paroissiens sans qu&rsquo;ils puissent pr\u00e9tendre aucun droits de d\u00eeme, novale, ni autre salaire pour leurs fonctions curiales.<\/em><\/strong><\/li>\n\n\n\n<li><strong><em>10.&nbsp;&nbsp;&nbsp;&nbsp;&nbsp;&nbsp;&nbsp;&nbsp;&nbsp;&nbsp;&nbsp;&nbsp;&nbsp;&nbsp;&nbsp;&nbsp;&nbsp;&nbsp;&nbsp;&nbsp; <\/em><\/strong><strong><em>Que la justice sera exerc\u00e9e par des gens capables, choisis par les nobles habitants, qui seront gag\u00e9s ainsi que leurs greffiers sans qu&rsquo;ils puissent pr\u00e9tendre rien des parties pour leur vacations et que le papier timbr\u00e9 sera en ex\u00e9cration \u00e0 eux et \u00e0 leur post\u00e9rit\u00e9 pour ce que tous les actes qui ont \u00e9t\u00e9 pass\u00e9s seront \u00e9crits en autre papiers et seront par apr\u00e8s br\u00fbl\u00e9s pour en effacer compl\u00e8tement la m\u00e9moire.<\/em><\/strong><\/li>\n\n\n\n<li><strong><em>11.&nbsp;&nbsp;&nbsp;&nbsp;&nbsp;&nbsp;&nbsp;&nbsp;&nbsp;&nbsp;&nbsp;&nbsp;&nbsp;&nbsp;&nbsp;&nbsp;&nbsp;&nbsp;&nbsp;&nbsp; <\/em><\/strong><strong><em>Que la chasse sera d\u00e9fendue \u00e0 qui que ce soit depuis le premier jour de mars jusqu&rsquo;\u00e0 la mi-septembre. et que fuies et colombiers seront ras\u00e9s, et permis de tirer sur les pigeons en campagne.<\/em><\/strong><\/li>\n\n\n\n<li><strong><em>12.&nbsp;&nbsp;&nbsp;&nbsp;&nbsp;&nbsp;&nbsp;&nbsp;&nbsp;&nbsp;&nbsp;&nbsp;&nbsp;&nbsp;&nbsp;&nbsp;&nbsp;&nbsp;&nbsp;&nbsp; <\/em><\/strong><strong><em>Qu&rsquo;il sera loisible d&rsquo;aller au moulin que l&rsquo;on voudra et que les meuniers seront contraints de rendre la farine au poids du bl\u00e9.<\/em><\/strong><\/li>\n\n\n\n<li><strong><em>13.&nbsp;&nbsp;&nbsp;&nbsp;&nbsp;&nbsp;&nbsp;&nbsp;&nbsp;&nbsp;&nbsp;&nbsp;&nbsp;&nbsp;&nbsp;&nbsp;&nbsp;&nbsp;&nbsp;&nbsp; <\/em><\/strong><strong><em>Que la ville de Quimper et autres adjacentes seront contraintes par la force d&rsquo;approuver et ratifier le pr\u00e9sent r\u00e8glement, \u00e0 peine d&rsquo;\u00eatre d\u00e9clar\u00e9es ennemis de la libert\u00e9 armorique, et les habitants punis o\u00f9 ils seront rencontr\u00e9s; d\u00e9fense de leur porter aucune denr\u00e9e ni marchandise jusqu&rsquo;\u00e0 ce qu&rsquo;ils aient satisfait, sous peine de torreben.<\/em><\/strong><\/li>\n\n\n\n<li><strong><em>14.&nbsp;&nbsp;&nbsp;&nbsp;&nbsp;&nbsp;&nbsp;&nbsp;&nbsp;&nbsp;&nbsp;&nbsp;&nbsp;&nbsp;&nbsp;&nbsp;&nbsp;&nbsp;&nbsp;&nbsp; <\/em><\/strong><strong><em>Que le pr\u00e9sent r\u00e8glement sera lu et publi\u00e9 aux pr\u00f4nes des grands messes et par tous les carrefours et aux paroisses et affix\u00e9 aux croix qui seront pos\u00e9es.<\/em><\/strong><\/li>\n<\/ol>\n\n\n\n<p><strong><em>Sign\u00e9: Torreben et les habitants\u00bb<\/em><\/strong><\/p>\n","protected":false},"excerpt":{"rendered":"<p>La r\u00e9volte des bonnets rouges ou du papier timbr\u00e9 la Bretagne est une province privil\u00e9gi\u00e9e, o\u00f9 l\u2019imp\u00f4t sur le sel, la gabelle, n&rsquo;existe pas mais sous le r\u00e8gne de louis XIV, les ann\u00e9es 1674 et &nbsp;1675 connaissent &nbsp;une importante r\u00e9volte antifiscale qui toucha toutes les villes et campagnes ( elle est dite aussi r\u00e9volte des &hellip;<\/p>\n<p class=\"read-more\"> <a class=\"\" href=\"http:\/\/skrav.fr\/angenea-wp\/2023\/09\/21\/revolte-du-papier-timbre\/\"> <span class=\"screen-reader-text\">R\u00e9volte du papier timbr\u00e9<\/span> Lire la suite\u00a0\u00bb<\/a><\/p>\n","protected":false},"author":1,"featured_media":0,"comment_status":"closed","ping_status":"closed","sticky":false,"template":"","format":"standard","meta":{"_uag_custom_page_level_css":"","site-sidebar-layout":"default","site-content-layout":"","ast-site-content-layout":"default","site-content-style":"default","site-sidebar-style":"default","ast-global-header-display":"","ast-banner-title-visibility":"","ast-main-header-display":"","ast-hfb-above-header-display":"","ast-hfb-below-header-display":"","ast-hfb-mobile-header-display":"","site-post-title":"","ast-breadcrumbs-content":"","ast-featured-img":"","footer-sml-layout":"","theme-transparent-header-meta":"","adv-header-id-meta":"","stick-header-meta":"","header-above-stick-meta":"","header-main-stick-meta":"","header-below-stick-meta":"","astra-migrate-meta-layouts":"set","ast-page-background-enabled":"default","ast-page-background-meta":{"desktop":{"background-color":"var(--ast-global-color-4)","background-image":"","background-repeat":"repeat","background-position":"center center","background-size":"auto","background-attachment":"scroll","background-type":"","background-media":"","overlay-type":"","overlay-color":"","overlay-gradient":""},"tablet":{"background-color":"","background-image":"","background-repeat":"repeat","background-position":"center center","background-size":"auto","background-attachment":"scroll","background-type":"","background-media":"","overlay-type":"","overlay-color":"","overlay-gradient":""},"mobile":{"background-color":"","background-image":"","background-repeat":"repeat","background-position":"center center","background-size":"auto","background-attachment":"scroll","background-type":"","background-media":"","overlay-type":"","overlay-color":"","overlay-gradient":""}},"ast-content-background-meta":{"desktop":{"background-color":"var(--ast-global-color-5)","background-image":"","background-repeat":"repeat","background-position":"center center","background-size":"auto","background-attachment":"scroll","background-type":"","background-media":"","overlay-type":"","overlay-color":"","overlay-gradient":""},"tablet":{"background-color":"var(--ast-global-color-5)","background-image":"","background-repeat":"repeat","background-position":"center center","background-size":"auto","background-attachment":"scroll","background-type":"","background-media":"","overlay-type":"","overlay-color":"","overlay-gradient":""},"mobile":{"background-color":"var(--ast-global-color-5)","background-image":"","background-repeat":"repeat","background-position":"center center","background-size":"auto","background-attachment":"scroll","background-type":"","background-media":"","overlay-type":"","overlay-color":"","overlay-gradient":""}},"footnotes":""},"categories":[],"tags":[],"class_list":["post-322","post","type-post","status-publish","format-standard","hentry"],"views":137,"uagb_featured_image_src":{"full":false,"thumbnail":false,"medium":false,"medium_large":false,"large":false,"1536x1536":false,"2048x2048":false},"uagb_author_info":{"display_name":"angenea","author_link":"http:\/\/skrav.fr\/angenea-wp\/author\/angenea\/"},"uagb_comment_info":0,"uagb_excerpt":"La r\u00e9volte des bonnets rouges ou du papier timbr\u00e9 la Bretagne est une province privil\u00e9gi\u00e9e, o\u00f9 l\u2019imp\u00f4t sur le sel, la gabelle, n&rsquo;existe pas mais sous le r\u00e8gne de louis XIV, les ann\u00e9es 1674 et &nbsp;1675 connaissent &nbsp;une importante r\u00e9volte antifiscale qui toucha toutes les villes et campagnes ( elle est dite aussi r\u00e9volte des\u2026","_links":{"self":[{"href":"http:\/\/skrav.fr\/angenea-wp\/wp-json\/wp\/v2\/posts\/322","targetHints":{"allow":["GET"]}}],"collection":[{"href":"http:\/\/skrav.fr\/angenea-wp\/wp-json\/wp\/v2\/posts"}],"about":[{"href":"http:\/\/skrav.fr\/angenea-wp\/wp-json\/wp\/v2\/types\/post"}],"author":[{"embeddable":true,"href":"http:\/\/skrav.fr\/angenea-wp\/wp-json\/wp\/v2\/users\/1"}],"replies":[{"embeddable":true,"href":"http:\/\/skrav.fr\/angenea-wp\/wp-json\/wp\/v2\/comments?post=322"}],"version-history":[{"count":11,"href":"http:\/\/skrav.fr\/angenea-wp\/wp-json\/wp\/v2\/posts\/322\/revisions"}],"predecessor-version":[{"id":419,"href":"http:\/\/skrav.fr\/angenea-wp\/wp-json\/wp\/v2\/posts\/322\/revisions\/419"}],"wp:attachment":[{"href":"http:\/\/skrav.fr\/angenea-wp\/wp-json\/wp\/v2\/media?parent=322"}],"wp:term":[{"taxonomy":"category","embeddable":true,"href":"http:\/\/skrav.fr\/angenea-wp\/wp-json\/wp\/v2\/categories?post=322"},{"taxonomy":"post_tag","embeddable":true,"href":"http:\/\/skrav.fr\/angenea-wp\/wp-json\/wp\/v2\/tags?post=322"}],"curies":[{"name":"wp","href":"https:\/\/api.w.org\/{rel}","templated":true}]}}